{"id":335,"date":"2021-06-25T04:37:00","date_gmt":"2021-06-25T04:37:00","guid":{"rendered":"http:\/\/mujeres.org.ar\/?p=335"},"modified":"2022-11-25T04:41:34","modified_gmt":"2022-11-25T04:41:34","slug":"entrevista-a-maria-passaggio-fundadora-de-mujeres-reinventadas","status":"publish","type":"post","link":"http:\/\/mujeres.org.ar\/?p=335","title":{"rendered":"Entrevista a Mar\u00eda Passaggio, fundadora de Mujeres Reinventadas"},"content":{"rendered":"\n<p><a href=\"https:\/\/www.youtube.com\/@todosabordo6243\"><\/a>En <a rel=\"noreferrer noopener\" href=\"https:\/\/todosabordoradio.wordpress.com\/\" target=\"_blank\"><strong>Todos A Bordo<\/strong><\/a> tratamos de mostrarte las problem\u00e1ticas que atraviesan los\u00a0 sectores sociales m\u00e1s vulnerables como consecuencia de un estado ausente, sectores invisibilizados por\u00a0 la mayor\u00eda de los grandes\u00a0 medios de comunicaci\u00f3n y la justicia.\u00a0\u00a0<\/p>\n\n\n\n<figure class=\"wp-block-embed is-type-video is-provider-youtube wp-block-embed-youtube wp-embed-aspect-16-9 wp-has-aspect-ratio\"><div class=\"wp-block-embed__wrapper\">\n<iframe title=\"Entrevista a Mar\u00eda Passaggio, fundadora de Mujeres Reinventadas\" width=\"500\" height=\"281\" src=\"https:\/\/www.youtube.com\/embed\/vtNjdvRwQZc?feature=oembed\" frameborder=\"0\" allow=\"accelerometer; autoplay; clipboard-write; encrypted-media; gyroscope; picture-in-picture\" allowfullscreen><\/iframe>\n<\/div><figcaption>Todos a Bordo programa radial conducido por Marianela<\/figcaption><\/figure>\n","protected":false},"excerpt":{"rendered":"<p>En Todos A Bordo tratamos de mostrarte las problem\u00e1ticas que atraviesan los  sectores sociales m\u00e1s vulnerables. Entrevista a Mar\u00eda Passaggio, fundadora de Mujeres Reinventadas<\/p>\n","protected":false},"author":1,"featured_media":336,"comment_status":"closed","ping_status":"closed","sticky":false,"template":"","format":"standard","meta":[],"categories":[6,21,8],"tags":[57,27,59,58],"_links":{"self":[{"href":"http:\/\/mujeres.org.ar\/index.php?rest_route=\/wp\/v2\/posts\/335"}],"collection":[{"href":"http:\/\/mujeres.org.ar\/index.php?rest_route=\/wp\/v2\/posts"}],"about":[{"href":"http:\/\/mujeres.org.ar\/index.php?rest_route=\/wp\/v2\/types\/post"}],"author":[{"embeddable":true,"href":"http:\/\/mujeres.org.ar\/index.php?rest_route=\/wp\/v2\/users\/1"}],"replies":[{"embeddable":true,"href":"http:\/\/mujeres.org.ar\/index.php?rest_route=%2Fwp%2Fv2%2Fcomments&post=335"}],"version-history":[{"count":1,"href":"http:\/\/mujeres.org.ar\/index.php?rest_route=\/wp\/v2\/posts\/335\/revisions"}],"predecessor-version":[{"id":337,"href":"http:\/\/mujeres.org.ar\/index.php?rest_route=\/wp\/v2\/posts\/335\/revisions\/337"}],"wp:featuredmedia":[{"embeddable":true,"href":"http:\/\/mujeres.org.ar\/index.php?rest_route=\/wp\/v2\/media\/336"}],"wp:attachment":[{"href":"http:\/\/mujeres.org.ar\/index.php?rest_route=%2Fwp%2Fv2%2Fmedia&parent=335"}],"wp:term":[{"taxonomy":"category","embeddable":true,"href":"http:\/\/mujeres.org.ar\/index.php?rest_route=%2Fwp%2Fv2%2Fcategories&post=335"},{"taxonomy":"post_tag","embeddable":true,"href":"http:\/\/mujeres.org.ar\/index.php?rest_route=%2Fwp%2Fv2%2Ftags&post=335"}],"curies":[{"name":"wp","href":"https:\/\/api.w.org\/{rel}","templated":true}]}}