{"id":71,"date":"2020-03-09T19:14:24","date_gmt":"2020-03-09T19:14:24","guid":{"rendered":"http:\/\/mujeres.org.ar\/?p=71"},"modified":"2022-10-20T04:22:19","modified_gmt":"2022-10-20T04:22:19","slug":"samuel-life-in-other-word","status":"publish","type":"post","link":"http:\/\/mujeres.org.ar\/?p=71","title":{"rendered":"Charla en la comuna 7 | \u00abEl cuerpo de las mujeres\u00bb"},"content":{"rendered":"<h2>JORNADA DE REFLEXI\u00d3N POR EL DIA INTERNACIONAL DE LA MUJER<\/h2>\n<p><span style=\"font-weight: 400;\">Interesante jornada donde pudimos debatir sobre los cuerpos feminizados, cuerpos disidentes, cuerpos de mujeres, creer que la violencia de g\u00e9nero es un problema de varones y mujeres, es mirar desde un lugar superfluo.<\/span><\/p>\n\n\n<figure class=\"wp-block-image size-large\"><img loading=\"lazy\" width=\"960\" height=\"720\" src=\"http:\/\/mujeres.org.ar\/wp-content\/uploads\/2018\/11\/89259666_618483162326821_4432372040057487360_n.jpg\" alt=\"\" class=\"wp-image-133\"\/><\/figure>\n\n\n\n<p>El ejercicio de la crueldad, tambi\u00e9n se extiende a cr\u00edmenes homof\u00f3bicos o trans. Es el disciplinamiento que las fuerzas del patriarcado imponen a todes contra todo lo que desestabiliza, un mensaje aleccionador del capitalismo patriarcal a toda la sociedad. Despu\u00e9s de los tangos cantamos el arroz con leche con su letra deconstruida.<\/p>\n\n\n\n<figure class=\"wp-block-image size-large\"><img loading=\"lazy\" width=\"960\" height=\"720\" src=\"http:\/\/mujeres.org.ar\/wp-content\/uploads\/2018\/11\/89392641_618479685660502_5875698900844675072_n.jpg\" alt=\"\" class=\"wp-image-135\"\/><\/figure>\n\n\n\n<figure class=\"wp-block-gallery columns-2 is-cropped\"><ul class=\"blocks-gallery-grid\"><li class=\"blocks-gallery-item\"><figure><img loading=\"lazy\" width=\"683\" height=\"910\" src=\"http:\/\/mujeres.org.ar\/wp-content\/uploads\/2018\/11\/90019428_618477145660756_3947643925111504896_n.jpg\" alt=\"\" data-id=\"138\" data-full-url=\"http:\/\/mujeres.org.ar\/wp-content\/uploads\/2018\/11\/90019428_618477145660756_3947643925111504896_n.jpg\" data-link=\"http:\/\/mujeres.org.ar\/?attachment_id=138\" class=\"wp-image-138\"\/><\/figure><\/li><li class=\"blocks-gallery-item\"><figure><img loading=\"lazy\" width=\"683\" height=\"910\" src=\"http:\/\/mujeres.org.ar\/wp-content\/uploads\/2018\/11\/89122881_618477742327363_651691936331071488_n.jpg\" alt=\"\" data-id=\"136\" data-full-url=\"http:\/\/mujeres.org.ar\/wp-content\/uploads\/2018\/11\/89122881_618477742327363_651691936331071488_n.jpg\" data-link=\"http:\/\/mujeres.org.ar\/?attachment_id=136\" class=\"wp-image-136\"\/><\/figure><\/li><\/ul><\/figure>\n","protected":false},"excerpt":{"rendered":"<p>Interesante jornada donde pudimos debatir sobre los cuerpos feminizados, cuerpos disidentes, cuerpos de mujeres, creer que la violencia de g\u00e9nero es un problema de varones y mujeres, es mirar desde un lugar superfluo.<\/p>\n","protected":false},"author":1,"featured_media":139,"comment_status":"closed","ping_status":"closed","sticky":false,"template":"","format":"standard","meta":[],"categories":[6,7,8],"tags":[9,11,12,10],"_links":{"self":[{"href":"http:\/\/mujeres.org.ar\/index.php?rest_route=\/wp\/v2\/posts\/71"}],"collection":[{"href":"http:\/\/mujeres.org.ar\/index.php?rest_route=\/wp\/v2\/posts"}],"about":[{"href":"http:\/\/mujeres.org.ar\/index.php?rest_route=\/wp\/v2\/types\/post"}],"author":[{"embeddable":true,"href":"http:\/\/mujeres.org.ar\/index.php?rest_route=\/wp\/v2\/users\/1"}],"replies":[{"embeddable":true,"href":"http:\/\/mujeres.org.ar\/index.php?rest_route=%2Fwp%2Fv2%2Fcomments&post=71"}],"version-history":[{"count":3,"href":"http:\/\/mujeres.org.ar\/index.php?rest_route=\/wp\/v2\/posts\/71\/revisions"}],"predecessor-version":[{"id":145,"href":"http:\/\/mujeres.org.ar\/index.php?rest_route=\/wp\/v2\/posts\/71\/revisions\/145"}],"wp:featuredmedia":[{"embeddable":true,"href":"http:\/\/mujeres.org.ar\/index.php?rest_route=\/wp\/v2\/media\/139"}],"wp:attachment":[{"href":"http:\/\/mujeres.org.ar\/index.php?rest_route=%2Fwp%2Fv2%2Fmedia&parent=71"}],"wp:term":[{"taxonomy":"category","embeddable":true,"href":"http:\/\/mujeres.org.ar\/index.php?rest_route=%2Fwp%2Fv2%2Fcategories&post=71"},{"taxonomy":"post_tag","embeddable":true,"href":"http:\/\/mujeres.org.ar\/index.php?rest_route=%2Fwp%2Fv2%2Ftags&post=71"}],"curies":[{"name":"wp","href":"https:\/\/api.w.org\/{rel}","templated":true}]}}